{"id":375,"__str__":"Projeto de Lei Ordin\u00e1ria n\u00ba 2 de 2023","link_detail_backend":"/materia/375","metadata":{},"numero":2,"ano":2023,"numero_protocolo":null,"data_apresentacao":"2023-01-05","tipo_apresentacao":"E","data_publicacao":null,"numero_origem_externa":"","ano_origem_externa":null,"data_origem_externa":null,"apelido":"","dias_prazo":null,"data_fim_prazo":null,"em_tramitacao":false,"polemica":false,"objeto":"","complementar":false,"ementa":"Disp\u00f5e sobre a nomea\u00e7\u00e3o da Unidade B\u00e1sica de Sa\u00fade localizada no bairro Alto Bonito denominada Francisco Ferreira de Souza.","indexacao":"","observacao":"","resultado":"","texto_original":"http://sapl.luiscorreia.pi.leg.br/media/sapl/public/materialegislativa/2023/375/pl_002_2023.pdf","data_ultima_atualizacao":"2023-01-17T10:46:42.379268-03:00","ip":"179.124.175.243","ultima_edicao":"2023-01-17T10:32:07.329150-03:00","tipo":1,"regime_tramitacao":1,"tipo_origem_externa":null,"local_origem_externa":null,"user":13,"anexadas":[],"autores":[29]}